{"id":6688,"date":"2025-03-18T14:22:33","date_gmt":"2025-03-18T13:22:33","guid":{"rendered":"https:\/\/www.spvgg-roehrmoos.de\/wp\/?p=6688"},"modified":"2025-03-19T09:05:10","modified_gmt":"2025-03-19T08:05:10","slug":"einladung-zur-jahreshauptversammlung-der-spvgg-roehrmoos-am-24-03-25-um-19-uhr-mit-neuwahlen","status":"publish","type":"post","link":"https:\/\/www.spvgg-roehrmoos.de\/wp\/einladung-zur-jahreshauptversammlung-der-spvgg-roehrmoos-am-24-03-25-um-19-uhr-mit-neuwahlen\/","title":{"rendered":"Einladung zur Jahreshauptversammlung der SpVgg R\u00f6hrmoos am 24.03.25 um 19 Uhr &#8211; mit Neuwahlen"},"content":{"rendered":"<p style=\"text-align: center;\"><strong>Einladung zur Jahreshauptversammlung 2025 der<\/strong><\/p>\n<p style=\"text-align: center;\"><strong>SpVgg R\u00f6hrmoos-Gro\u00dfinzemoos<\/strong><\/p>\n<p style=\"text-align: center;\"><strong>am Montag, 24. M\u00e4rz 2025 um 19:00 Uhr<\/strong><\/p>\n<p style=\"text-align: center;\"><strong>Sportheim, Arzbacher Stra\u00dfe 4, 85244 R\u00f6hrmoos<\/strong><\/p>\n<p>&nbsp;<\/p>\n<p><strong>Tagesordnung<\/strong><\/p>\n<p>TOP 1 Begr\u00fc\u00dfung, Bekanntgabe, Tagesordnung<\/p>\n<p>TOP 2 Gedenken der verstorbenen Mitglieder<\/p>\n<p>TOP 3 Feststellung der ordnungsgem\u00e4\u00dfen Einberufung und Beschlussf\u00e4higkeit<\/p>\n<p>TOP 4 Gru\u00dfworte<\/p>\n<p>TOP 5 Bericht des 1. Vorsitzenden<\/p>\n<p>TOP 6 Kassenbericht des Schatzmeisters f\u00fcr das Jahr 2024<\/p>\n<p>TOP 7 Bericht der Kassenpr\u00fcfer f\u00fcr das Jahr 2024<\/p>\n<p>TOP 8 Antrag Entlastung der Vorstandschaft<\/p>\n<p>TOP 9 Bericht der Jugendleiterin<\/p>\n<p>TOP 10 Berichte aus den Abteilungen<\/p>\n<p>TOP 11 Neuwahlen<\/p>\n<p>TOP 12 Ehrungen<\/p>\n<p>TOP 13 Behandlung eingegangener Antr\u00e4ge<\/p>\n<p>TOP 14 Wortmeldungen, verschiedenes<\/p>\n<p>TOP 15 Schlie\u00dfung der Versammlung<\/p>\n<p>&nbsp;<\/p>\n<p>Antr\u00e4ge an die Jahreshauptversammlung m\u00fcssen 5 Tage vor der Versammlung bei der Gesch\u00e4ftsstelle der SpVgg R\u00f6hrmoos-Gro\u00dfinzemoos eingegangen sein.<\/p>\n<p>&nbsp;<\/p>\n<p>R\u00f6hrmoos, 23.02.25<\/p>\n<p>&nbsp;<\/p>\n<p>G\u00fcnter Bakomenko<\/p>\n<p>Vorsitzender<\/p>\n<p>&nbsp;<\/p>\n<p>&nbsp;<\/p>\n<p><a href=\"https:\/\/www.spvgg-roehrmoos.de\/wp\/wp-content\/uploads\/jhv-2025-einladung-top.pdf\" target=\"\">Jhv 2025 Einladung Top<\/a><\/p>\n","protected":false},"excerpt":{"rendered":"<p>Einladung zur Jahreshauptversammlung 2025 der SpVgg R\u00f6hrmoos-Gro\u00dfinzemoos am Montag, 24. M\u00e4rz 2025 um 19:00 Uhr Sportheim, Arzbacher Stra\u00dfe 4, 85244 R\u00f6hrmoos &nbsp; Tagesordnung TOP 1 Begr\u00fc\u00dfung, Bekanntgabe, Tagesordnung TOP 2 Gedenken der verstorbenen Mitglieder TOP 3 Feststellung der ordnungsgem\u00e4\u00dfen Einberufung und Beschlussf\u00e4higkeit TOP 4 Gru\u00dfworte TOP 5 Bericht des 1. Vorsitzenden TOP 6 Kassenbericht des [&hellip;]<\/p>\n","protected":false},"author":18,"featured_media":0,"comment_status":"closed","ping_status":"closed","sticky":false,"template":"","format":"standard","meta":{"footnotes":""},"categories":[1],"tags":[],"class_list":["post-6688","post","type-post","status-publish","format-standard","hentry","category-allgemein"],"yoast_head":"<!-- This site is optimized with the Yoast SEO plugin v27.5 - https:\/\/yoast.com\/product\/yoast-seo-wordpress\/ -->\n<title>Einladung zur Jahreshauptversammlung der SpVgg R\u00f6hrmoos am 24.03.25 um 19 Uhr - mit Neuwahlen - SpVgg R\u00f6hrmoos-Gro\u00dfinzemoos e.V.<\/title>\n<meta name=\"robots\" content=\"index, follow, max-snippet:-1, max-image-preview:large, max-video-preview:-1\" \/>\n<link rel=\"canonical\" href=\"https:\/\/www.spvgg-roehrmoos.de\/wp\/einladung-zur-jahreshauptversammlung-der-spvgg-roehrmoos-am-24-03-25-um-19-uhr-mit-neuwahlen\/\" \/>\n<meta property=\"og:locale\" content=\"de_DE\" \/>\n<meta property=\"og:type\" content=\"article\" \/>\n<meta property=\"og:title\" content=\"Einladung zur Jahreshauptversammlung der SpVgg R\u00f6hrmoos am 24.03.25 um 19 Uhr - mit Neuwahlen - SpVgg R\u00f6hrmoos-Gro\u00dfinzemoos e.V.\" \/>\n<meta property=\"og:description\" content=\"Einladung zur Jahreshauptversammlung 2025 der SpVgg R\u00f6hrmoos-Gro\u00dfinzemoos am Montag, 24. M\u00e4rz 2025 um 19:00 Uhr Sportheim, Arzbacher Stra\u00dfe 4, 85244 R\u00f6hrmoos &nbsp; Tagesordnung TOP 1 Begr\u00fc\u00dfung, Bekanntgabe, Tagesordnung TOP 2 Gedenken der verstorbenen Mitglieder TOP 3 Feststellung der ordnungsgem\u00e4\u00dfen Einberufung und Beschlussf\u00e4higkeit TOP 4 Gru\u00dfworte TOP 5 Bericht des 1. Vorsitzenden TOP 6 Kassenbericht des [&hellip;]\" \/>\n<meta property=\"og:url\" content=\"https:\/\/www.spvgg-roehrmoos.de\/wp\/einladung-zur-jahreshauptversammlung-der-spvgg-roehrmoos-am-24-03-25-um-19-uhr-mit-neuwahlen\/\" \/>\n<meta property=\"og:site_name\" content=\"SpVgg R\u00f6hrmoos-Gro\u00dfinzemoos e.V.\" \/>\n<meta property=\"article:published_time\" content=\"2025-03-18T13:22:33+00:00\" \/>\n<meta property=\"article:modified_time\" content=\"2025-03-19T08:05:10+00:00\" \/>\n<meta property=\"og:image\" content=\"https:\/\/www.spvgg-roehrmoos.de\/wp\/wp-content\/uploads\/logo_260x260.png\" \/>\n\t<meta property=\"og:image:width\" content=\"260\" \/>\n\t<meta property=\"og:image:height\" content=\"260\" \/>\n\t<meta property=\"og:image:type\" content=\"image\/png\" \/>\n<meta name=\"author\" content=\"G\u00fcnter Bakomenko\" \/>\n<meta name=\"twitter:card\" content=\"summary_large_image\" \/>\n<meta name=\"twitter:label1\" content=\"Verfasst von\" \/>\n\t<meta name=\"twitter:data1\" content=\"G\u00fcnter Bakomenko\" \/>\n\t<meta name=\"twitter:label2\" content=\"Gesch\u00e4tzte Lesezeit\" \/>\n\t<meta name=\"twitter:data2\" content=\"1\u00a0Minute\" \/>\n<script type=\"application\/ld+json\" class=\"yoast-schema-graph\">{\"@context\":\"https:\\\/\\\/schema.org\",\"@graph\":[{\"@type\":\"Article\",\"@id\":\"https:\\\/\\\/www.spvgg-roehrmoos.de\\\/wp\\\/einladung-zur-jahreshauptversammlung-der-spvgg-roehrmoos-am-24-03-25-um-19-uhr-mit-neuwahlen\\\/#article\",\"isPartOf\":{\"@id\":\"https:\\\/\\\/www.spvgg-roehrmoos.de\\\/wp\\\/einladung-zur-jahreshauptversammlung-der-spvgg-roehrmoos-am-24-03-25-um-19-uhr-mit-neuwahlen\\\/\"},\"author\":{\"name\":\"G\u00fcnter Bakomenko\",\"@id\":\"https:\\\/\\\/www.spvgg-roehrmoos.de\\\/wp\\\/#\\\/schema\\\/person\\\/27869f9f4b3653b65c0d9ac136a481d9\"},\"headline\":\"Einladung zur Jahreshauptversammlung der SpVgg R\u00f6hrmoos am 24.03.25 um 19 Uhr &#8211; mit Neuwahlen\",\"datePublished\":\"2025-03-18T13:22:33+00:00\",\"dateModified\":\"2025-03-19T08:05:10+00:00\",\"mainEntityOfPage\":{\"@id\":\"https:\\\/\\\/www.spvgg-roehrmoos.de\\\/wp\\\/einladung-zur-jahreshauptversammlung-der-spvgg-roehrmoos-am-24-03-25-um-19-uhr-mit-neuwahlen\\\/\"},\"wordCount\":145,\"publisher\":{\"@id\":\"https:\\\/\\\/www.spvgg-roehrmoos.de\\\/wp\\\/#organization\"},\"inLanguage\":\"de\"},{\"@type\":\"WebPage\",\"@id\":\"https:\\\/\\\/www.spvgg-roehrmoos.de\\\/wp\\\/einladung-zur-jahreshauptversammlung-der-spvgg-roehrmoos-am-24-03-25-um-19-uhr-mit-neuwahlen\\\/\",\"url\":\"https:\\\/\\\/www.spvgg-roehrmoos.de\\\/wp\\\/einladung-zur-jahreshauptversammlung-der-spvgg-roehrmoos-am-24-03-25-um-19-uhr-mit-neuwahlen\\\/\",\"name\":\"Einladung zur Jahreshauptversammlung der SpVgg R\u00f6hrmoos am 24.03.25 um 19 Uhr - mit Neuwahlen - SpVgg R\u00f6hrmoos-Gro\u00dfinzemoos e.V.\",\"isPartOf\":{\"@id\":\"https:\\\/\\\/www.spvgg-roehrmoos.de\\\/wp\\\/#website\"},\"datePublished\":\"2025-03-18T13:22:33+00:00\",\"dateModified\":\"2025-03-19T08:05:10+00:00\",\"breadcrumb\":{\"@id\":\"https:\\\/\\\/www.spvgg-roehrmoos.de\\\/wp\\\/einladung-zur-jahreshauptversammlung-der-spvgg-roehrmoos-am-24-03-25-um-19-uhr-mit-neuwahlen\\\/#breadcrumb\"},\"inLanguage\":\"de\",\"potentialAction\":[{\"@type\":\"ReadAction\",\"target\":[\"https:\\\/\\\/www.spvgg-roehrmoos.de\\\/wp\\\/einladung-zur-jahreshauptversammlung-der-spvgg-roehrmoos-am-24-03-25-um-19-uhr-mit-neuwahlen\\\/\"]}]},{\"@type\":\"BreadcrumbList\",\"@id\":\"https:\\\/\\\/www.spvgg-roehrmoos.de\\\/wp\\\/einladung-zur-jahreshauptversammlung-der-spvgg-roehrmoos-am-24-03-25-um-19-uhr-mit-neuwahlen\\\/#breadcrumb\",\"itemListElement\":[{\"@type\":\"ListItem\",\"position\":1,\"name\":\"Startseite\",\"item\":\"https:\\\/\\\/www.spvgg-roehrmoos.de\\\/wp\\\/\"},{\"@type\":\"ListItem\",\"position\":2,\"name\":\"Einladung zur Jahreshauptversammlung der SpVgg R\u00f6hrmoos am 24.03.25 um 19 Uhr &#8211; mit Neuwahlen\"}]},{\"@type\":\"WebSite\",\"@id\":\"https:\\\/\\\/www.spvgg-roehrmoos.de\\\/wp\\\/#website\",\"url\":\"https:\\\/\\\/www.spvgg-roehrmoos.de\\\/wp\\\/\",\"name\":\"SpVgg R\u00f6hrmoos-Gro\u00dfinzemoos e.V.\",\"description\":\"Ihr Sportverein bei Dachau im Norden von M\u00fcnchen\",\"publisher\":{\"@id\":\"https:\\\/\\\/www.spvgg-roehrmoos.de\\\/wp\\\/#organization\"},\"potentialAction\":[{\"@type\":\"SearchAction\",\"target\":{\"@type\":\"EntryPoint\",\"urlTemplate\":\"https:\\\/\\\/www.spvgg-roehrmoos.de\\\/wp\\\/?s={search_term_string}\"},\"query-input\":{\"@type\":\"PropertyValueSpecification\",\"valueRequired\":true,\"valueName\":\"search_term_string\"}}],\"inLanguage\":\"de\"},{\"@type\":\"Organization\",\"@id\":\"https:\\\/\\\/www.spvgg-roehrmoos.de\\\/wp\\\/#organization\",\"name\":\"SpVgg R\u00f6hrmoos-Gro\u00dfinzemoos e.V.\",\"url\":\"https:\\\/\\\/www.spvgg-roehrmoos.de\\\/wp\\\/\",\"logo\":{\"@type\":\"ImageObject\",\"inLanguage\":\"de\",\"@id\":\"https:\\\/\\\/www.spvgg-roehrmoos.de\\\/wp\\\/#\\\/schema\\\/logo\\\/image\\\/\",\"url\":\"https:\\\/\\\/www.spvgg-roehrmoos.de\\\/wp\\\/wp-content\\\/uploads\\\/logo_260x260.png\",\"contentUrl\":\"https:\\\/\\\/www.spvgg-roehrmoos.de\\\/wp\\\/wp-content\\\/uploads\\\/logo_260x260.png\",\"width\":260,\"height\":260,\"caption\":\"SpVgg R\u00f6hrmoos-Gro\u00dfinzemoos e.V.\"},\"image\":{\"@id\":\"https:\\\/\\\/www.spvgg-roehrmoos.de\\\/wp\\\/#\\\/schema\\\/logo\\\/image\\\/\"}},{\"@type\":\"Person\",\"@id\":\"https:\\\/\\\/www.spvgg-roehrmoos.de\\\/wp\\\/#\\\/schema\\\/person\\\/27869f9f4b3653b65c0d9ac136a481d9\",\"name\":\"G\u00fcnter Bakomenko\",\"url\":\"https:\\\/\\\/www.spvgg-roehrmoos.de\\\/wp\\\/author\\\/vorsitzender\\\/\"}]}<\/script>\n<!-- \/ Yoast SEO plugin. -->","yoast_head_json":{"title":"Einladung zur Jahreshauptversammlung der SpVgg R\u00f6hrmoos am 24.03.25 um 19 Uhr - mit Neuwahlen - SpVgg R\u00f6hrmoos-Gro\u00dfinzemoos e.V.","robots":{"index":"index","follow":"follow","max-snippet":"max-snippet:-1","max-image-preview":"max-image-preview:large","max-video-preview":"max-video-preview:-1"},"canonical":"https:\/\/www.spvgg-roehrmoos.de\/wp\/einladung-zur-jahreshauptversammlung-der-spvgg-roehrmoos-am-24-03-25-um-19-uhr-mit-neuwahlen\/","og_locale":"de_DE","og_type":"article","og_title":"Einladung zur Jahreshauptversammlung der SpVgg R\u00f6hrmoos am 24.03.25 um 19 Uhr - mit Neuwahlen - SpVgg R\u00f6hrmoos-Gro\u00dfinzemoos e.V.","og_description":"Einladung zur Jahreshauptversammlung 2025 der SpVgg R\u00f6hrmoos-Gro\u00dfinzemoos am Montag, 24. M\u00e4rz 2025 um 19:00 Uhr Sportheim, Arzbacher Stra\u00dfe 4, 85244 R\u00f6hrmoos &nbsp; Tagesordnung TOP 1 Begr\u00fc\u00dfung, Bekanntgabe, Tagesordnung TOP 2 Gedenken der verstorbenen Mitglieder TOP 3 Feststellung der ordnungsgem\u00e4\u00dfen Einberufung und Beschlussf\u00e4higkeit TOP 4 Gru\u00dfworte TOP 5 Bericht des 1. Vorsitzenden TOP 6 Kassenbericht des [&hellip;]","og_url":"https:\/\/www.spvgg-roehrmoos.de\/wp\/einladung-zur-jahreshauptversammlung-der-spvgg-roehrmoos-am-24-03-25-um-19-uhr-mit-neuwahlen\/","og_site_name":"SpVgg R\u00f6hrmoos-Gro\u00dfinzemoos e.V.","article_published_time":"2025-03-18T13:22:33+00:00","article_modified_time":"2025-03-19T08:05:10+00:00","og_image":[{"width":260,"height":260,"url":"https:\/\/www.spvgg-roehrmoos.de\/wp\/wp-content\/uploads\/logo_260x260.png","type":"image\/png"}],"author":"G\u00fcnter Bakomenko","twitter_card":"summary_large_image","twitter_misc":{"Verfasst von":"G\u00fcnter Bakomenko","Gesch\u00e4tzte Lesezeit":"1\u00a0Minute"},"schema":{"@context":"https:\/\/schema.org","@graph":[{"@type":"Article","@id":"https:\/\/www.spvgg-roehrmoos.de\/wp\/einladung-zur-jahreshauptversammlung-der-spvgg-roehrmoos-am-24-03-25-um-19-uhr-mit-neuwahlen\/#article","isPartOf":{"@id":"https:\/\/www.spvgg-roehrmoos.de\/wp\/einladung-zur-jahreshauptversammlung-der-spvgg-roehrmoos-am-24-03-25-um-19-uhr-mit-neuwahlen\/"},"author":{"name":"G\u00fcnter Bakomenko","@id":"https:\/\/www.spvgg-roehrmoos.de\/wp\/#\/schema\/person\/27869f9f4b3653b65c0d9ac136a481d9"},"headline":"Einladung zur Jahreshauptversammlung der SpVgg R\u00f6hrmoos am 24.03.25 um 19 Uhr &#8211; mit Neuwahlen","datePublished":"2025-03-18T13:22:33+00:00","dateModified":"2025-03-19T08:05:10+00:00","mainEntityOfPage":{"@id":"https:\/\/www.spvgg-roehrmoos.de\/wp\/einladung-zur-jahreshauptversammlung-der-spvgg-roehrmoos-am-24-03-25-um-19-uhr-mit-neuwahlen\/"},"wordCount":145,"publisher":{"@id":"https:\/\/www.spvgg-roehrmoos.de\/wp\/#organization"},"inLanguage":"de"},{"@type":"WebPage","@id":"https:\/\/www.spvgg-roehrmoos.de\/wp\/einladung-zur-jahreshauptversammlung-der-spvgg-roehrmoos-am-24-03-25-um-19-uhr-mit-neuwahlen\/","url":"https:\/\/www.spvgg-roehrmoos.de\/wp\/einladung-zur-jahreshauptversammlung-der-spvgg-roehrmoos-am-24-03-25-um-19-uhr-mit-neuwahlen\/","name":"Einladung zur Jahreshauptversammlung der SpVgg R\u00f6hrmoos am 24.03.25 um 19 Uhr - mit Neuwahlen - SpVgg R\u00f6hrmoos-Gro\u00dfinzemoos e.V.","isPartOf":{"@id":"https:\/\/www.spvgg-roehrmoos.de\/wp\/#website"},"datePublished":"2025-03-18T13:22:33+00:00","dateModified":"2025-03-19T08:05:10+00:00","breadcrumb":{"@id":"https:\/\/www.spvgg-roehrmoos.de\/wp\/einladung-zur-jahreshauptversammlung-der-spvgg-roehrmoos-am-24-03-25-um-19-uhr-mit-neuwahlen\/#breadcrumb"},"inLanguage":"de","potentialAction":[{"@type":"ReadAction","target":["https:\/\/www.spvgg-roehrmoos.de\/wp\/einladung-zur-jahreshauptversammlung-der-spvgg-roehrmoos-am-24-03-25-um-19-uhr-mit-neuwahlen\/"]}]},{"@type":"BreadcrumbList","@id":"https:\/\/www.spvgg-roehrmoos.de\/wp\/einladung-zur-jahreshauptversammlung-der-spvgg-roehrmoos-am-24-03-25-um-19-uhr-mit-neuwahlen\/#breadcrumb","itemListElement":[{"@type":"ListItem","position":1,"name":"Startseite","item":"https:\/\/www.spvgg-roehrmoos.de\/wp\/"},{"@type":"ListItem","position":2,"name":"Einladung zur Jahreshauptversammlung der SpVgg R\u00f6hrmoos am 24.03.25 um 19 Uhr &#8211; mit Neuwahlen"}]},{"@type":"WebSite","@id":"https:\/\/www.spvgg-roehrmoos.de\/wp\/#website","url":"https:\/\/www.spvgg-roehrmoos.de\/wp\/","name":"SpVgg R\u00f6hrmoos-Gro\u00dfinzemoos e.V.","description":"Ihr Sportverein bei Dachau im Norden von M\u00fcnchen","publisher":{"@id":"https:\/\/www.spvgg-roehrmoos.de\/wp\/#organization"},"potentialAction":[{"@type":"SearchAction","target":{"@type":"EntryPoint","urlTemplate":"https:\/\/www.spvgg-roehrmoos.de\/wp\/?s={search_term_string}"},"query-input":{"@type":"PropertyValueSpecification","valueRequired":true,"valueName":"search_term_string"}}],"inLanguage":"de"},{"@type":"Organization","@id":"https:\/\/www.spvgg-roehrmoos.de\/wp\/#organization","name":"SpVgg R\u00f6hrmoos-Gro\u00dfinzemoos e.V.","url":"https:\/\/www.spvgg-roehrmoos.de\/wp\/","logo":{"@type":"ImageObject","inLanguage":"de","@id":"https:\/\/www.spvgg-roehrmoos.de\/wp\/#\/schema\/logo\/image\/","url":"https:\/\/www.spvgg-roehrmoos.de\/wp\/wp-content\/uploads\/logo_260x260.png","contentUrl":"https:\/\/www.spvgg-roehrmoos.de\/wp\/wp-content\/uploads\/logo_260x260.png","width":260,"height":260,"caption":"SpVgg R\u00f6hrmoos-Gro\u00dfinzemoos e.V."},"image":{"@id":"https:\/\/www.spvgg-roehrmoos.de\/wp\/#\/schema\/logo\/image\/"}},{"@type":"Person","@id":"https:\/\/www.spvgg-roehrmoos.de\/wp\/#\/schema\/person\/27869f9f4b3653b65c0d9ac136a481d9","name":"G\u00fcnter Bakomenko","url":"https:\/\/www.spvgg-roehrmoos.de\/wp\/author\/vorsitzender\/"}]}},"_links":{"self":[{"href":"https:\/\/www.spvgg-roehrmoos.de\/wp\/wp-json\/wp\/v2\/posts\/6688","targetHints":{"allow":["GET"]}}],"collection":[{"href":"https:\/\/www.spvgg-roehrmoos.de\/wp\/wp-json\/wp\/v2\/posts"}],"about":[{"href":"https:\/\/www.spvgg-roehrmoos.de\/wp\/wp-json\/wp\/v2\/types\/post"}],"author":[{"embeddable":true,"href":"https:\/\/www.spvgg-roehrmoos.de\/wp\/wp-json\/wp\/v2\/users\/18"}],"replies":[{"embeddable":true,"href":"https:\/\/www.spvgg-roehrmoos.de\/wp\/wp-json\/wp\/v2\/comments?post=6688"}],"version-history":[{"count":2,"href":"https:\/\/www.spvgg-roehrmoos.de\/wp\/wp-json\/wp\/v2\/posts\/6688\/revisions"}],"predecessor-version":[{"id":6760,"href":"https:\/\/www.spvgg-roehrmoos.de\/wp\/wp-json\/wp\/v2\/posts\/6688\/revisions\/6760"}],"wp:attachment":[{"href":"https:\/\/www.spvgg-roehrmoos.de\/wp\/wp-json\/wp\/v2\/media?parent=6688"}],"wp:term":[{"taxonomy":"category","embeddable":true,"href":"https:\/\/www.spvgg-roehrmoos.de\/wp\/wp-json\/wp\/v2\/categories?post=6688"},{"taxonomy":"post_tag","embeddable":true,"href":"https:\/\/www.spvgg-roehrmoos.de\/wp\/wp-json\/wp\/v2\/tags?post=6688"}],"curies":[{"name":"wp","href":"https:\/\/api.w.org\/{rel}","templated":true}]}}