{"id":6706,"date":"2025-03-18T12:35:26","date_gmt":"2025-03-18T11:35:26","guid":{"rendered":"https:\/\/www.spvgg-roehrmoos.de\/wp\/?p=6706"},"modified":"2025-03-19T09:04:38","modified_gmt":"2025-03-19T08:04:38","slug":"indersdorfer-strasse-ab-10-03-2025-halbseitig-gesperrt","status":"publish","type":"post","link":"https:\/\/www.spvgg-roehrmoos.de\/wp\/indersdorfer-strasse-ab-10-03-2025-halbseitig-gesperrt\/","title":{"rendered":"Indersdorfer Stra\u00dfe ab 10.03.2025 halbseitig gesperrt"},"content":{"rendered":"<div class=\"entry-content\">\n<p>Bereits im vergangenen Jahr fanden viele Arbeiten im Kanal- und Stra\u00dfenbereich rund um das neue Gymnasium in R\u00f6hrmoos statt. Diese Arbeiten sollen dieses Jahr abgeschlossen werden. Zeitnah starten dementsprechend die Stra\u00dfenbau- und Asphaltierungsarbeiten des Landkreises Dachau im Bereich der Kreisstra\u00dfe Indersdorfer Stra\u00dfe beim Gymnasium. Daf\u00fcr erfolgt ab 10.03.2025 eine halbseitige Stra\u00dfensperrung; der Verkehr wird nicht umgeleitet. Geplant ist die Sperrung bis l\u00e4ngstens 31.07.2025.<\/p>\n<p>Auf die Pressemitteilung des Landratsamtes Dachau wird verwiesen: <a href=\"https:\/\/www.landratsamt-dachau.de\/aktuelles\/pressemitteilungen\/\">https:\/\/www.landratsamt-dachau.de\/aktuelles\/pressemitteilungen\/<\/a><\/p>\n<\/div>\n","protected":false},"excerpt":{"rendered":"<p>Bereits im vergangenen Jahr fanden viele Arbeiten im Kanal- und Stra\u00dfenbereich rund um das neue Gymnasium in R\u00f6hrmoos statt. Diese Arbeiten sollen dieses Jahr abgeschlossen werden. Zeitnah starten dementsprechend die Stra\u00dfenbau- und Asphaltierungsarbeiten des Landkreises Dachau im Bereich der Kreisstra\u00dfe Indersdorfer Stra\u00dfe beim Gymnasium. Daf\u00fcr erfolgt ab 10.03.2025 eine halbseitige Stra\u00dfensperrung; der Verkehr wird nicht [&hellip;]<\/p>\n","protected":false},"author":10,"featured_media":0,"comment_status":"closed","ping_status":"closed","sticky":false,"template":"","format":"standard","meta":{"footnotes":""},"categories":[1],"tags":[],"class_list":["post-6706","post","type-post","status-publish","format-standard","hentry","category-allgemein"],"yoast_head":"<!-- This site is optimized with the Yoast SEO plugin v27.5 - https:\/\/yoast.com\/product\/yoast-seo-wordpress\/ -->\n<title>Indersdorfer Stra\u00dfe ab 10.03.2025 halbseitig gesperrt - SpVgg R\u00f6hrmoos-Gro\u00dfinzemoos e.V.<\/title>\n<meta name=\"robots\" content=\"index, follow, max-snippet:-1, max-image-preview:large, max-video-preview:-1\" \/>\n<link rel=\"canonical\" href=\"https:\/\/www.spvgg-roehrmoos.de\/wp\/indersdorfer-strasse-ab-10-03-2025-halbseitig-gesperrt\/\" \/>\n<meta property=\"og:locale\" content=\"de_DE\" \/>\n<meta property=\"og:type\" content=\"article\" \/>\n<meta property=\"og:title\" content=\"Indersdorfer Stra\u00dfe ab 10.03.2025 halbseitig gesperrt - SpVgg R\u00f6hrmoos-Gro\u00dfinzemoos e.V.\" \/>\n<meta property=\"og:description\" content=\"Bereits im vergangenen Jahr fanden viele Arbeiten im Kanal- und Stra\u00dfenbereich rund um das neue Gymnasium in R\u00f6hrmoos statt. Diese Arbeiten sollen dieses Jahr abgeschlossen werden. Zeitnah starten dementsprechend die Stra\u00dfenbau- und Asphaltierungsarbeiten des Landkreises Dachau im Bereich der Kreisstra\u00dfe Indersdorfer Stra\u00dfe beim Gymnasium. Daf\u00fcr erfolgt ab 10.03.2025 eine halbseitige Stra\u00dfensperrung; der Verkehr wird nicht [&hellip;]\" \/>\n<meta property=\"og:url\" content=\"https:\/\/www.spvgg-roehrmoos.de\/wp\/indersdorfer-strasse-ab-10-03-2025-halbseitig-gesperrt\/\" \/>\n<meta property=\"og:site_name\" content=\"SpVgg R\u00f6hrmoos-Gro\u00dfinzemoos e.V.\" \/>\n<meta property=\"article:published_time\" content=\"2025-03-18T11:35:26+00:00\" \/>\n<meta property=\"article:modified_time\" content=\"2025-03-19T08:04:38+00:00\" \/>\n<meta property=\"og:image\" content=\"https:\/\/www.spvgg-roehrmoos.de\/wp\/wp-content\/uploads\/logo_260x260.png\" \/>\n\t<meta property=\"og:image:width\" content=\"260\" \/>\n\t<meta property=\"og:image:height\" content=\"260\" \/>\n\t<meta property=\"og:image:type\" content=\"image\/png\" \/>\n<meta name=\"author\" content=\"Alexander Beck\" \/>\n<meta name=\"twitter:card\" content=\"summary_large_image\" \/>\n<meta name=\"twitter:label1\" content=\"Verfasst von\" \/>\n\t<meta name=\"twitter:data1\" content=\"Alexander Beck\" \/>\n\t<meta name=\"twitter:label2\" content=\"Gesch\u00e4tzte Lesezeit\" \/>\n\t<meta name=\"twitter:data2\" content=\"1\u00a0Minute\" \/>\n<script type=\"application\/ld+json\" class=\"yoast-schema-graph\">{\"@context\":\"https:\\\/\\\/schema.org\",\"@graph\":[{\"@type\":\"Article\",\"@id\":\"https:\\\/\\\/www.spvgg-roehrmoos.de\\\/wp\\\/indersdorfer-strasse-ab-10-03-2025-halbseitig-gesperrt\\\/#article\",\"isPartOf\":{\"@id\":\"https:\\\/\\\/www.spvgg-roehrmoos.de\\\/wp\\\/indersdorfer-strasse-ab-10-03-2025-halbseitig-gesperrt\\\/\"},\"author\":{\"name\":\"Alexander Beck\",\"@id\":\"https:\\\/\\\/www.spvgg-roehrmoos.de\\\/wp\\\/#\\\/schema\\\/person\\\/a633257ae23406e6b5abbdfce018b5df\"},\"headline\":\"Indersdorfer Stra\u00dfe ab 10.03.2025 halbseitig gesperrt\",\"datePublished\":\"2025-03-18T11:35:26+00:00\",\"dateModified\":\"2025-03-19T08:04:38+00:00\",\"mainEntityOfPage\":{\"@id\":\"https:\\\/\\\/www.spvgg-roehrmoos.de\\\/wp\\\/indersdorfer-strasse-ab-10-03-2025-halbseitig-gesperrt\\\/\"},\"wordCount\":89,\"publisher\":{\"@id\":\"https:\\\/\\\/www.spvgg-roehrmoos.de\\\/wp\\\/#organization\"},\"inLanguage\":\"de\"},{\"@type\":\"WebPage\",\"@id\":\"https:\\\/\\\/www.spvgg-roehrmoos.de\\\/wp\\\/indersdorfer-strasse-ab-10-03-2025-halbseitig-gesperrt\\\/\",\"url\":\"https:\\\/\\\/www.spvgg-roehrmoos.de\\\/wp\\\/indersdorfer-strasse-ab-10-03-2025-halbseitig-gesperrt\\\/\",\"name\":\"Indersdorfer Stra\u00dfe ab 10.03.2025 halbseitig gesperrt - SpVgg R\u00f6hrmoos-Gro\u00dfinzemoos e.V.\",\"isPartOf\":{\"@id\":\"https:\\\/\\\/www.spvgg-roehrmoos.de\\\/wp\\\/#website\"},\"datePublished\":\"2025-03-18T11:35:26+00:00\",\"dateModified\":\"2025-03-19T08:04:38+00:00\",\"breadcrumb\":{\"@id\":\"https:\\\/\\\/www.spvgg-roehrmoos.de\\\/wp\\\/indersdorfer-strasse-ab-10-03-2025-halbseitig-gesperrt\\\/#breadcrumb\"},\"inLanguage\":\"de\",\"potentialAction\":[{\"@type\":\"ReadAction\",\"target\":[\"https:\\\/\\\/www.spvgg-roehrmoos.de\\\/wp\\\/indersdorfer-strasse-ab-10-03-2025-halbseitig-gesperrt\\\/\"]}]},{\"@type\":\"BreadcrumbList\",\"@id\":\"https:\\\/\\\/www.spvgg-roehrmoos.de\\\/wp\\\/indersdorfer-strasse-ab-10-03-2025-halbseitig-gesperrt\\\/#breadcrumb\",\"itemListElement\":[{\"@type\":\"ListItem\",\"position\":1,\"name\":\"Startseite\",\"item\":\"https:\\\/\\\/www.spvgg-roehrmoos.de\\\/wp\\\/\"},{\"@type\":\"ListItem\",\"position\":2,\"name\":\"Indersdorfer Stra\u00dfe ab 10.03.2025 halbseitig gesperrt\"}]},{\"@type\":\"WebSite\",\"@id\":\"https:\\\/\\\/www.spvgg-roehrmoos.de\\\/wp\\\/#website\",\"url\":\"https:\\\/\\\/www.spvgg-roehrmoos.de\\\/wp\\\/\",\"name\":\"SpVgg R\u00f6hrmoos-Gro\u00dfinzemoos e.V.\",\"description\":\"Ihr Sportverein bei Dachau im Norden von M\u00fcnchen\",\"publisher\":{\"@id\":\"https:\\\/\\\/www.spvgg-roehrmoos.de\\\/wp\\\/#organization\"},\"potentialAction\":[{\"@type\":\"SearchAction\",\"target\":{\"@type\":\"EntryPoint\",\"urlTemplate\":\"https:\\\/\\\/www.spvgg-roehrmoos.de\\\/wp\\\/?s={search_term_string}\"},\"query-input\":{\"@type\":\"PropertyValueSpecification\",\"valueRequired\":true,\"valueName\":\"search_term_string\"}}],\"inLanguage\":\"de\"},{\"@type\":\"Organization\",\"@id\":\"https:\\\/\\\/www.spvgg-roehrmoos.de\\\/wp\\\/#organization\",\"name\":\"SpVgg R\u00f6hrmoos-Gro\u00dfinzemoos e.V.\",\"url\":\"https:\\\/\\\/www.spvgg-roehrmoos.de\\\/wp\\\/\",\"logo\":{\"@type\":\"ImageObject\",\"inLanguage\":\"de\",\"@id\":\"https:\\\/\\\/www.spvgg-roehrmoos.de\\\/wp\\\/#\\\/schema\\\/logo\\\/image\\\/\",\"url\":\"https:\\\/\\\/www.spvgg-roehrmoos.de\\\/wp\\\/wp-content\\\/uploads\\\/logo_260x260.png\",\"contentUrl\":\"https:\\\/\\\/www.spvgg-roehrmoos.de\\\/wp\\\/wp-content\\\/uploads\\\/logo_260x260.png\",\"width\":260,\"height\":260,\"caption\":\"SpVgg R\u00f6hrmoos-Gro\u00dfinzemoos e.V.\"},\"image\":{\"@id\":\"https:\\\/\\\/www.spvgg-roehrmoos.de\\\/wp\\\/#\\\/schema\\\/logo\\\/image\\\/\"}},{\"@type\":\"Person\",\"@id\":\"https:\\\/\\\/www.spvgg-roehrmoos.de\\\/wp\\\/#\\\/schema\\\/person\\\/a633257ae23406e6b5abbdfce018b5df\",\"name\":\"Alexander Beck\",\"url\":\"https:\\\/\\\/www.spvgg-roehrmoos.de\\\/wp\\\/author\\\/kassier\\\/\"}]}<\/script>\n<!-- \/ Yoast SEO plugin. -->","yoast_head_json":{"title":"Indersdorfer Stra\u00dfe ab 10.03.2025 halbseitig gesperrt - SpVgg R\u00f6hrmoos-Gro\u00dfinzemoos e.V.","robots":{"index":"index","follow":"follow","max-snippet":"max-snippet:-1","max-image-preview":"max-image-preview:large","max-video-preview":"max-video-preview:-1"},"canonical":"https:\/\/www.spvgg-roehrmoos.de\/wp\/indersdorfer-strasse-ab-10-03-2025-halbseitig-gesperrt\/","og_locale":"de_DE","og_type":"article","og_title":"Indersdorfer Stra\u00dfe ab 10.03.2025 halbseitig gesperrt - SpVgg R\u00f6hrmoos-Gro\u00dfinzemoos e.V.","og_description":"Bereits im vergangenen Jahr fanden viele Arbeiten im Kanal- und Stra\u00dfenbereich rund um das neue Gymnasium in R\u00f6hrmoos statt. Diese Arbeiten sollen dieses Jahr abgeschlossen werden. Zeitnah starten dementsprechend die Stra\u00dfenbau- und Asphaltierungsarbeiten des Landkreises Dachau im Bereich der Kreisstra\u00dfe Indersdorfer Stra\u00dfe beim Gymnasium. Daf\u00fcr erfolgt ab 10.03.2025 eine halbseitige Stra\u00dfensperrung; der Verkehr wird nicht [&hellip;]","og_url":"https:\/\/www.spvgg-roehrmoos.de\/wp\/indersdorfer-strasse-ab-10-03-2025-halbseitig-gesperrt\/","og_site_name":"SpVgg R\u00f6hrmoos-Gro\u00dfinzemoos e.V.","article_published_time":"2025-03-18T11:35:26+00:00","article_modified_time":"2025-03-19T08:04:38+00:00","og_image":[{"width":260,"height":260,"url":"https:\/\/www.spvgg-roehrmoos.de\/wp\/wp-content\/uploads\/logo_260x260.png","type":"image\/png"}],"author":"Alexander Beck","twitter_card":"summary_large_image","twitter_misc":{"Verfasst von":"Alexander Beck","Gesch\u00e4tzte Lesezeit":"1\u00a0Minute"},"schema":{"@context":"https:\/\/schema.org","@graph":[{"@type":"Article","@id":"https:\/\/www.spvgg-roehrmoos.de\/wp\/indersdorfer-strasse-ab-10-03-2025-halbseitig-gesperrt\/#article","isPartOf":{"@id":"https:\/\/www.spvgg-roehrmoos.de\/wp\/indersdorfer-strasse-ab-10-03-2025-halbseitig-gesperrt\/"},"author":{"name":"Alexander Beck","@id":"https:\/\/www.spvgg-roehrmoos.de\/wp\/#\/schema\/person\/a633257ae23406e6b5abbdfce018b5df"},"headline":"Indersdorfer Stra\u00dfe ab 10.03.2025 halbseitig gesperrt","datePublished":"2025-03-18T11:35:26+00:00","dateModified":"2025-03-19T08:04:38+00:00","mainEntityOfPage":{"@id":"https:\/\/www.spvgg-roehrmoos.de\/wp\/indersdorfer-strasse-ab-10-03-2025-halbseitig-gesperrt\/"},"wordCount":89,"publisher":{"@id":"https:\/\/www.spvgg-roehrmoos.de\/wp\/#organization"},"inLanguage":"de"},{"@type":"WebPage","@id":"https:\/\/www.spvgg-roehrmoos.de\/wp\/indersdorfer-strasse-ab-10-03-2025-halbseitig-gesperrt\/","url":"https:\/\/www.spvgg-roehrmoos.de\/wp\/indersdorfer-strasse-ab-10-03-2025-halbseitig-gesperrt\/","name":"Indersdorfer Stra\u00dfe ab 10.03.2025 halbseitig gesperrt - SpVgg R\u00f6hrmoos-Gro\u00dfinzemoos e.V.","isPartOf":{"@id":"https:\/\/www.spvgg-roehrmoos.de\/wp\/#website"},"datePublished":"2025-03-18T11:35:26+00:00","dateModified":"2025-03-19T08:04:38+00:00","breadcrumb":{"@id":"https:\/\/www.spvgg-roehrmoos.de\/wp\/indersdorfer-strasse-ab-10-03-2025-halbseitig-gesperrt\/#breadcrumb"},"inLanguage":"de","potentialAction":[{"@type":"ReadAction","target":["https:\/\/www.spvgg-roehrmoos.de\/wp\/indersdorfer-strasse-ab-10-03-2025-halbseitig-gesperrt\/"]}]},{"@type":"BreadcrumbList","@id":"https:\/\/www.spvgg-roehrmoos.de\/wp\/indersdorfer-strasse-ab-10-03-2025-halbseitig-gesperrt\/#breadcrumb","itemListElement":[{"@type":"ListItem","position":1,"name":"Startseite","item":"https:\/\/www.spvgg-roehrmoos.de\/wp\/"},{"@type":"ListItem","position":2,"name":"Indersdorfer Stra\u00dfe ab 10.03.2025 halbseitig gesperrt"}]},{"@type":"WebSite","@id":"https:\/\/www.spvgg-roehrmoos.de\/wp\/#website","url":"https:\/\/www.spvgg-roehrmoos.de\/wp\/","name":"SpVgg R\u00f6hrmoos-Gro\u00dfinzemoos e.V.","description":"Ihr Sportverein bei Dachau im Norden von M\u00fcnchen","publisher":{"@id":"https:\/\/www.spvgg-roehrmoos.de\/wp\/#organization"},"potentialAction":[{"@type":"SearchAction","target":{"@type":"EntryPoint","urlTemplate":"https:\/\/www.spvgg-roehrmoos.de\/wp\/?s={search_term_string}"},"query-input":{"@type":"PropertyValueSpecification","valueRequired":true,"valueName":"search_term_string"}}],"inLanguage":"de"},{"@type":"Organization","@id":"https:\/\/www.spvgg-roehrmoos.de\/wp\/#organization","name":"SpVgg R\u00f6hrmoos-Gro\u00dfinzemoos e.V.","url":"https:\/\/www.spvgg-roehrmoos.de\/wp\/","logo":{"@type":"ImageObject","inLanguage":"de","@id":"https:\/\/www.spvgg-roehrmoos.de\/wp\/#\/schema\/logo\/image\/","url":"https:\/\/www.spvgg-roehrmoos.de\/wp\/wp-content\/uploads\/logo_260x260.png","contentUrl":"https:\/\/www.spvgg-roehrmoos.de\/wp\/wp-content\/uploads\/logo_260x260.png","width":260,"height":260,"caption":"SpVgg R\u00f6hrmoos-Gro\u00dfinzemoos e.V."},"image":{"@id":"https:\/\/www.spvgg-roehrmoos.de\/wp\/#\/schema\/logo\/image\/"}},{"@type":"Person","@id":"https:\/\/www.spvgg-roehrmoos.de\/wp\/#\/schema\/person\/a633257ae23406e6b5abbdfce018b5df","name":"Alexander Beck","url":"https:\/\/www.spvgg-roehrmoos.de\/wp\/author\/kassier\/"}]}},"_links":{"self":[{"href":"https:\/\/www.spvgg-roehrmoos.de\/wp\/wp-json\/wp\/v2\/posts\/6706","targetHints":{"allow":["GET"]}}],"collection":[{"href":"https:\/\/www.spvgg-roehrmoos.de\/wp\/wp-json\/wp\/v2\/posts"}],"about":[{"href":"https:\/\/www.spvgg-roehrmoos.de\/wp\/wp-json\/wp\/v2\/types\/post"}],"author":[{"embeddable":true,"href":"https:\/\/www.spvgg-roehrmoos.de\/wp\/wp-json\/wp\/v2\/users\/10"}],"replies":[{"embeddable":true,"href":"https:\/\/www.spvgg-roehrmoos.de\/wp\/wp-json\/wp\/v2\/comments?post=6706"}],"version-history":[{"count":1,"href":"https:\/\/www.spvgg-roehrmoos.de\/wp\/wp-json\/wp\/v2\/posts\/6706\/revisions"}],"predecessor-version":[{"id":6707,"href":"https:\/\/www.spvgg-roehrmoos.de\/wp\/wp-json\/wp\/v2\/posts\/6706\/revisions\/6707"}],"wp:attachment":[{"href":"https:\/\/www.spvgg-roehrmoos.de\/wp\/wp-json\/wp\/v2\/media?parent=6706"}],"wp:term":[{"taxonomy":"category","embeddable":true,"href":"https:\/\/www.spvgg-roehrmoos.de\/wp\/wp-json\/wp\/v2\/categories?post=6706"},{"taxonomy":"post_tag","embeddable":true,"href":"https:\/\/www.spvgg-roehrmoos.de\/wp\/wp-json\/wp\/v2\/tags?post=6706"}],"curies":[{"name":"wp","href":"https:\/\/api.w.org\/{rel}","templated":true}]}}